{"id":335,"date":"2020-09-29T09:10:11","date_gmt":"2020-09-29T09:10:11","guid":{"rendered":"http:\/\/ssaaes.org\/?p=335"},"modified":"2021-07-01T14:10:16","modified_gmt":"2021-07-01T14:10:16","slug":"ssa-condemns-the-detention-of-queer-activist-and-carleton-phd-student-in-turkey","status":"publish","type":"post","link":"https:\/\/ssaaes.org\/fr\/2020\/09\/29\/ssa-condemns-the-detention-of-queer-activist-and-carleton-phd-student-in-turkey\/","title":{"rendered":"L\u2019A\u00c9S condamne la d\u00e9tention en Turquie d&rsquo;un militant queer et \u00e9tudiant au doctorat de l\u2019Universit\u00e9 Carleton"},"content":{"rendered":"<p><img loading=\"lazy\" decoding=\"async\" class=\"alignright size-medium wp-image-336\" src=\"http:\/\/ssaaes.org\/wp-content\/uploads\/2020\/09\/Erdal-300x225.png\" alt=\"\" width=\"300\" height=\"225\" srcset=\"https:\/\/ssaaes.org\/wp-content\/uploads\/2020\/09\/Erdal-300x225.png 300w, https:\/\/ssaaes.org\/wp-content\/uploads\/2020\/09\/Erdal-1024x768.png 1024w, https:\/\/ssaaes.org\/wp-content\/uploads\/2020\/09\/Erdal-768x576.png 768w, https:\/\/ssaaes.org\/wp-content\/uploads\/2020\/09\/Erdal.png 1200w\" sizes=\"auto, (max-width: 300px) 100vw, 300px\" \/><\/p>\n<p align=\"justify\"><span style=\"font-weight: 400;\">Le comit\u00e9 directeur de l&rsquo;Association d\u2019\u00e9tudes de la sexualit\u00e9 se joint au <a href=\"https:\/\/freecihanerdal.wordpress.com\/solidarity-messages-and-other-petitions\/\">ch\u0153ur de voix<\/a> condamnant l&rsquo;enl\u00e8vement et la d\u00e9tention arbitraire du jeune militant queer et \u00e9tudiant au doctorat de l&rsquo;Universit\u00e9 Carleton, Cihan Erdal, par les autorit\u00e9s turques le 25 septembre 2020. Erdal, un r\u00e9sident permanent du Canada s\u2019est vu arr\u00eat\u00e9 par la police alors qu\u2019il \u00e9tait en Turquie pour rendre visite \u00e0 sa famille et pour mener des recherches doctorales. Il reste d\u00e9tenu sans charges claires.<\/span><\/p>\n<p align=\"justify\"><span style=\"font-weight: 400;\">Erdal semble avoir \u00e9t\u00e9 politiquement vis\u00e9 avec 81 autres d\u00e9tenus en raison de la signature d&rsquo;une lettre ouverte en 2014 appelant le gouvernement turc \u00e0 aider et \u00e0 d\u00e9fendre la ville kurde syrienne de Kobani contre les attaques transfrontali\u00e8res dirig\u00e9es par l&rsquo;Etat islamique. Le gouvernement turc semble accuser les signataires d&rsquo;avoir incit\u00e9 \u00e0 de violentes manifestations dans le sud-est de la Turquie, manifestations qui ont rencontr\u00e9 des violences polici\u00e8res et ont entra\u00een\u00e9 la mort de civils. Au moment de la signature de la lettre, Erdal \u00e9tait impliqu\u00e9 dans le Parti d\u00e9mocratique du peuple (HDP), un parti politique pro-kurde dont les membres ont longtemps \u00e9t\u00e9 pers\u00e9cut\u00e9s par le gouvernement turc alors qu\u2019il s\u2019agit du troisi\u00e8me parti le plus \u00e9lu au parlement turc. Erdal vit au Canada depuis 2017 et fait des allers-retours entre le Canada et la Turquie r\u00e9guli\u00e8rement sans probl\u00e8me depuis des ann\u00e9es.<\/span><\/p>\n<p align=\"justify\"><span style=\"font-weight: 400;\">Nous condamnons les actions politiquement motiv\u00e9es du gouvernement turc qui ont conduit \u00e0 l&rsquo;arrestation d&rsquo;Erdal et \u00e0 sa d\u00e9tention arbitraire. Nous demandons au gouvernement canadien d\u2019exiger la lib\u00e9ration imm\u00e9diate d\u2019Erdal et de garantir son retour en toute s\u00e9curit\u00e9 au Canada.<\/span><span style=\"font-weight: 400;\">\u00a0<\/span><\/p>\n<p align=\"justify\"><span style=\"font-weight: 400;\">Nous encourageons les membres de notre association \u00e0 signer la lettre ouverte des universitaires canadiens exigeant la lib\u00e9ration imm\u00e9diate d\u2019Erdal et \u00e0 contacter \u00e0 la fois l\u2019honorable Fran\u00e7ois-Philippe Champagne, ministre des Affaires \u00e9trang\u00e8res et l\u2019Ambassade du Canada en Turquie pour exiger des mesures au nom d\u2019Erdal.<\/span><\/p>\n<p><span style=\"font-weight: 400;\">Fran\u00e7ois-Philippe Champagne<br \/>\n<\/span><span style=\"font-weight: 400;\">Ministre des Affaires \u00e9trang\u00e8res<br \/>\n<\/span><span style=\"font-weight: 400;\">Bureau de la Chambre des communes<br \/>\n<\/span><span style=\"font-weight: 400;\">Ottawa, Ontario K1A 0A6<br \/>\n<\/span><span style=\"font-weight: 400;\">T\u00e9l.:613-995-4895<br \/>\n<\/span><span style=\"font-weight: 400;\">Fax: 613-996-6883<br \/>\n<\/span><span style=\"font-weight: 400;\">Courriel: Francois-Philippe.Champagne@parl.gc.ca<br \/>\n<\/span><span style=\"font-weight: 400;\">Twitter: @AMC_corporatif<\/span><\/p>\n<p><span style=\"font-weight: 400;\">Ambassade du Canada en Turquie<br \/>\n<\/span><span style=\"font-weight: 400;\">Cinnah Caddesi No: 58<br \/>\n<\/span><span style=\"font-family: -apple-system, BlinkMacSystemFont, 'Segoe UI', Roboto, Oxygen-Sans, Ubuntu, Cantarell, 'Helvetica Neue', sans-serif;\">06690, Cankaya<br \/>\n<\/span><span style=\"font-weight: 400;\">Ankara, Turquie<br \/>\n<\/span><span style=\"font-weight: 400;\">T\u00e9l.: +90 (312) 409 27 00<br \/>\n<\/span><span style=\"font-weight: 400;\">Fax: +90 (312) 409 27 12<br \/>\n<\/span><span style=\"font-weight: 400;\">Courriel: ANKRA@international.gc.ca<br \/>\n<\/span><span style=\"font-weight: 400;\">Twitter: <\/span><span style=\"font-weight: 400;\">@CanEmbTurkey<\/span><\/p>\n<p>En solidarit\u00e9,<\/p>\n<p><span style=\"font-weight: 400;\">Le comit\u00e9 directeur de l&rsquo;Association d\u2019\u00e9tudes de la sexualit\u00e9<\/span><\/p>","protected":false},"excerpt":{"rendered":"<p>Le comit\u00e9 directeur de l&rsquo;Association d\u2019\u00e9tudes de la sexualit\u00e9 se joint au ch\u0153ur de voix condamnant l&rsquo;enl\u00e8vement et la d\u00e9tention arbitraire du jeune militant queer et \u00e9tudiant au doctorat de &hellip; <a href=\"https:\/\/ssaaes.org\/fr\/2020\/09\/29\/ssa-condemns-the-detention-of-queer-activist-and-carleton-phd-student-in-turkey\/\" class=\"read-more\">Continue reading <span class=\"meta-nav\">&rarr;<\/span><\/a><\/p>\n","protected":false},"author":1,"featured_media":336,"comment_status":"closed","ping_status":"open","sticky":false,"template":"","format":"standard","meta":{"jetpack_post_was_ever_published":false,"_jetpack_newsletter_access":"","_jetpack_dont_email_post_to_subs":false,"_jetpack_newsletter_tier_id":0,"_jetpack_memberships_contains_paywalled_content":false,"_jetpack_memberships_contains_paid_content":false,"footnotes":"","jetpack_publicize_message":"","jetpack_publicize_feature_enabled":true,"jetpack_social_post_already_shared":true,"jetpack_social_options":{"image_generator_settings":{"template":"highway","enabled":false},"version":2}},"categories":[6],"tags":[],"class_list":["post-335","post","type-post","status-publish","format-standard","has-post-thumbnail","hentry","category-statements"],"jetpack_publicize_connections":[],"jetpack_featured_media_url":"https:\/\/ssaaes.org\/wp-content\/uploads\/2020\/09\/Erdal.png","jetpack_sharing_enabled":true,"jetpack_shortlink":"https:\/\/wp.me\/pa28Zf-5p","_links":{"self":[{"href":"https:\/\/ssaaes.org\/fr\/wp-json\/wp\/v2\/posts\/335","targetHints":{"allow":["GET"]}}],"collection":[{"href":"https:\/\/ssaaes.org\/fr\/wp-json\/wp\/v2\/posts"}],"about":[{"href":"https:\/\/ssaaes.org\/fr\/wp-json\/wp\/v2\/types\/post"}],"author":[{"embeddable":true,"href":"https:\/\/ssaaes.org\/fr\/wp-json\/wp\/v2\/users\/1"}],"replies":[{"embeddable":true,"href":"https:\/\/ssaaes.org\/fr\/wp-json\/wp\/v2\/comments?post=335"}],"version-history":[{"count":12,"href":"https:\/\/ssaaes.org\/fr\/wp-json\/wp\/v2\/posts\/335\/revisions"}],"predecessor-version":[{"id":352,"href":"https:\/\/ssaaes.org\/fr\/wp-json\/wp\/v2\/posts\/335\/revisions\/352"}],"wp:featuredmedia":[{"embeddable":true,"href":"https:\/\/ssaaes.org\/fr\/wp-json\/wp\/v2\/media\/336"}],"wp:attachment":[{"href":"https:\/\/ssaaes.org\/fr\/wp-json\/wp\/v2\/media?parent=335"}],"wp:term":[{"taxonomy":"category","embeddable":true,"href":"https:\/\/ssaaes.org\/fr\/wp-json\/wp\/v2\/categories?post=335"},{"taxonomy":"post_tag","embeddable":true,"href":"https:\/\/ssaaes.org\/fr\/wp-json\/wp\/v2\/tags?post=335"}],"curies":[{"name":"wp","href":"https:\/\/api.w.org\/{rel}","templated":true}]}}